{"id":76264,"date":"2019-09-16T21:03:21","date_gmt":"2019-09-16T19:03:21","guid":{"rendered":"https:\/\/bysiebenaler.com\/?p=76264"},"modified":"2019-09-16T21:10:54","modified_gmt":"2019-09-16T19:10:54","slug":"de-lokale-maart-3","status":"publish","type":"post","link":"https:\/\/bysiebenaler.com\/lb\/de-lokale-maart-3\/","title":{"rendered":"Salon de la couture_KOPSTAL 2019"},"content":{"rendered":"<p>Vum 11.10.2019 &#8211; 13.10.2019<\/p>\n<p><strong>Fr 17-21 \/ Sa 11-19 \/ So 11-17 Uhr<\/strong><\/p>\n<p>Freides _\u00a019:00-21:00 Ausstellungser\u00f6ffnung (offen fir Visiteuren ab 17:00)<\/p>\n<p>Samsdes _\u00a0<strong>17:30 D\u00e9fil\u00e9 vun Mossarb\u00ebscht am Centre Wirtspesch<\/strong><\/p>","protected":false},"excerpt":{"rendered":"<p>Vum 11.10.2019 &#8211; 13.10.2019 Fr 17-21 \/ Sa 11-19 \/ So 11-17 Uhr Freides _\u00a019:00-21:00 Ausstellungser\u00f6ffnung (offen fir Visiteuren ab [&hellip;]<\/p>\n","protected":false},"author":1,"featured_media":0,"comment_status":"closed","ping_status":"closed","sticky":false,"template":"","format":"standard","meta":{"footnotes":""},"categories":[120,121],"tags":[],"class_list":["post-76264","post","type-post","status-publish","format-standard","hentry","category-news","category-agenda"],"_links":{"self":[{"href":"https:\/\/bysiebenaler.com\/lb\/wp-json\/wp\/v2\/posts\/76264","targetHints":{"allow":["GET"]}}],"collection":[{"href":"https:\/\/bysiebenaler.com\/lb\/wp-json\/wp\/v2\/posts"}],"about":[{"href":"https:\/\/bysiebenaler.com\/lb\/wp-json\/wp\/v2\/types\/post"}],"author":[{"embeddable":true,"href":"https:\/\/bysiebenaler.com\/lb\/wp-json\/wp\/v2\/users\/1"}],"replies":[{"embeddable":true,"href":"https:\/\/bysiebenaler.com\/lb\/wp-json\/wp\/v2\/comments?post=76264"}],"version-history":[{"count":2,"href":"https:\/\/bysiebenaler.com\/lb\/wp-json\/wp\/v2\/posts\/76264\/revisions"}],"predecessor-version":[{"id":76269,"href":"https:\/\/bysiebenaler.com\/lb\/wp-json\/wp\/v2\/posts\/76264\/revisions\/76269"}],"wp:attachment":[{"href":"https:\/\/bysiebenaler.com\/lb\/wp-json\/wp\/v2\/media?parent=76264"}],"wp:term":[{"taxonomy":"category","embeddable":true,"href":"https:\/\/bysiebenaler.com\/lb\/wp-json\/wp\/v2\/categories?post=76264"},{"taxonomy":"post_tag","embeddable":true,"href":"https:\/\/bysiebenaler.com\/lb\/wp-json\/wp\/v2\/tags?post=76264"}],"curies":[{"name":"wp","href":"https:\/\/api.w.org\/{rel}","templated":true}]}}